{"id":941,"date":"2016-05-23T18:00:28","date_gmt":"2016-05-23T16:00:28","guid":{"rendered":"https:\/\/www.abbona.com\/?p=941"},"modified":"2016-05-23T18:00:28","modified_gmt":"2016-05-23T16:00:28","slug":"aperitivo-al-caffe-dei-mercanti-acqui-terme-al","status":"publish","type":"post","link":"https:\/\/www.abbona.com\/en\/notizie\/aperitivo-al-caffe-dei-mercanti-acqui-terme-al\/","title":{"rendered":"Aperitivo al Caff\u00e8 dei Mercanti &#8211; Acqui Terme (AL)"},"content":{"rendered":"<p>Marted\u00ec 24 maggio 2016 dalle ore 19.00 DEGUSTAZIONE al Caff\u00e8 dei Mercanti di Acqui Terme in compagnia dei nostri vini Langhe Bianco\u00a0CINERINO 2015 , Roero Arneis TISTIN 2015 e Dogliani PAPA&#8217; CELSO 2014. \u00a0 \u00a0 \u00a0#CIVEDIAMOALCAFFE<\/p>\n<p>&nbsp;<\/p>\n<p><img loading=\"lazy\" decoding=\"async\" class=\"alignnone size-full wp-image-942\" src=\"https:\/\/www.abbona.com\/wp-content\/uploads\/2016\/05\/mercanti.png\" alt=\"mercanti\" width=\"480\" height=\"480\" srcset=\"https:\/\/www.abbona.com\/wp-content\/uploads\/2016\/05\/mercanti.png 480w, https:\/\/www.abbona.com\/wp-content\/uploads\/2016\/05\/mercanti-400x400.png 400w, https:\/\/www.abbona.com\/wp-content\/uploads\/2016\/05\/mercanti-300x300.png 300w\" sizes=\"auto, (max-width: 480px) 100vw, 480px\" \/><\/p>\n","protected":false},"excerpt":{"rendered":"<p>Marted\u00ec 24 maggio 2016 dalle ore 19.00 DEGUSTAZIONE al Caff\u00e8 dei Mercanti di Acqui Terme in compagnia dei nostri vini Langhe Bianco\u00a0CINERINO 2015 , Roero Arneis TISTIN 2015 e Dogliani PAPA&#8217; CELSO 2014. \u00a0 \u00a0 \u00a0#CIVEDIAMOALCAFFE &nbsp;<\/p>\n","protected":false},"author":4,"featured_media":0,"comment_status":"open","ping_status":"closed","sticky":false,"template":"","format":"standard","meta":{"_acf_changed":false,"footnotes":""},"categories":[1],"tags":[],"class_list":["post-941","post","type-post","status-publish","format-standard","hentry","category-notizie","odd"],"acf":[],"_links":{"self":[{"href":"https:\/\/www.abbona.com\/en\/wp-json\/wp\/v2\/posts\/941","targetHints":{"allow":["GET"]}}],"collection":[{"href":"https:\/\/www.abbona.com\/en\/wp-json\/wp\/v2\/posts"}],"about":[{"href":"https:\/\/www.abbona.com\/en\/wp-json\/wp\/v2\/types\/post"}],"author":[{"embeddable":true,"href":"https:\/\/www.abbona.com\/en\/wp-json\/wp\/v2\/users\/4"}],"replies":[{"embeddable":true,"href":"https:\/\/www.abbona.com\/en\/wp-json\/wp\/v2\/comments?post=941"}],"version-history":[{"count":0,"href":"https:\/\/www.abbona.com\/en\/wp-json\/wp\/v2\/posts\/941\/revisions"}],"wp:attachment":[{"href":"https:\/\/www.abbona.com\/en\/wp-json\/wp\/v2\/media?parent=941"}],"wp:term":[{"taxonomy":"category","embeddable":true,"href":"https:\/\/www.abbona.com\/en\/wp-json\/wp\/v2\/categories?post=941"},{"taxonomy":"post_tag","embeddable":true,"href":"https:\/\/www.abbona.com\/en\/wp-json\/wp\/v2\/tags?post=941"}],"curies":[{"name":"wp","href":"https:\/\/api.w.org\/{rel}","templated":true}]}}