{"id":1038,"date":"2017-03-15T11:18:09","date_gmt":"2017-03-15T10:18:09","guid":{"rendered":"https:\/\/www.abbona.com\/?p=1038\/"},"modified":"2017-03-15T11:18:09","modified_gmt":"2017-03-15T10:18:09","slug":"prowein-2017","status":"publish","type":"post","link":"https:\/\/www.abbona.com\/en\/notizie\/prowein-2017\/","title":{"rendered":"ProWein 2017"},"content":{"rendered":"<p>I nostri vini sbarcheranno a D\u00fcsseldorf per l&#8217;imminente nuova edizione della fiera ProWein, che si terr\u00e0 da domenica 19 a Marted\u00ec 21 Marzo dalle 10.00 alle 19.00.<\/p>\n<p>Venite a trovarci al <strong>Pad.15 Isola A41 Postazione 59<\/strong>, Mara e Chiara Abbona saranno liete di darvi il benvenuto!<\/p>\n<p><img loading=\"lazy\" decoding=\"async\" class=\"alignnone size-full wp-image-1039\" src=\"https:\/\/www.abbona.com\/wp-content\/uploads\/2017\/03\/ProWein.jpg\" alt=\"\" width=\"1000\" height=\"800\" srcset=\"https:\/\/www.abbona.com\/wp-content\/uploads\/2017\/03\/ProWein.jpg 1000w, https:\/\/www.abbona.com\/wp-content\/uploads\/2017\/03\/ProWein-400x320.jpg 400w, https:\/\/www.abbona.com\/wp-content\/uploads\/2017\/03\/ProWein-375x300.jpg 375w, https:\/\/www.abbona.com\/wp-content\/uploads\/2017\/03\/ProWein-768x614.jpg 768w, https:\/\/www.abbona.com\/wp-content\/uploads\/2017\/03\/ProWein-970x776.jpg 970w, https:\/\/www.abbona.com\/wp-content\/uploads\/2017\/03\/ProWein-600x480.jpg 600w, https:\/\/www.abbona.com\/wp-content\/uploads\/2017\/03\/ProWein-800x640.jpg 800w\" sizes=\"auto, (max-width: 1000px) 100vw, 1000px\" \/><\/p>\n","protected":false},"excerpt":{"rendered":"<p>I nostri vini sbarcheranno a D\u00fcsseldorf per l&#8217;imminente nuova edizione della fiera ProWein, che si terr\u00e0 da domenica 19 a Marted\u00ec 21 Marzo dalle 10.00 alle 19.00. Venite a trovarci al Pad.15 Isola A41 Postazione 59, Mara e Chiara Abbona saranno liete di darvi il benvenuto!<\/p>\n","protected":false},"author":4,"featured_media":0,"comment_status":"open","ping_status":"closed","sticky":false,"template":"","format":"standard","meta":{"_acf_changed":false,"footnotes":""},"categories":[1],"tags":[],"class_list":["post-1038","post","type-post","status-publish","format-standard","hentry","category-notizie","odd"],"acf":[],"_links":{"self":[{"href":"https:\/\/www.abbona.com\/en\/wp-json\/wp\/v2\/posts\/1038","targetHints":{"allow":["GET"]}}],"collection":[{"href":"https:\/\/www.abbona.com\/en\/wp-json\/wp\/v2\/posts"}],"about":[{"href":"https:\/\/www.abbona.com\/en\/wp-json\/wp\/v2\/types\/post"}],"author":[{"embeddable":true,"href":"https:\/\/www.abbona.com\/en\/wp-json\/wp\/v2\/users\/4"}],"replies":[{"embeddable":true,"href":"https:\/\/www.abbona.com\/en\/wp-json\/wp\/v2\/comments?post=1038"}],"version-history":[{"count":0,"href":"https:\/\/www.abbona.com\/en\/wp-json\/wp\/v2\/posts\/1038\/revisions"}],"wp:attachment":[{"href":"https:\/\/www.abbona.com\/en\/wp-json\/wp\/v2\/media?parent=1038"}],"wp:term":[{"taxonomy":"category","embeddable":true,"href":"https:\/\/www.abbona.com\/en\/wp-json\/wp\/v2\/categories?post=1038"},{"taxonomy":"post_tag","embeddable":true,"href":"https:\/\/www.abbona.com\/en\/wp-json\/wp\/v2\/tags?post=1038"}],"curies":[{"name":"wp","href":"https:\/\/api.w.org\/{rel}","templated":true}]}}